{"id":355,"date":"2019-06-12T16:25:31","date_gmt":"2019-06-12T16:25:31","guid":{"rendered":"https:\/\/www.cssigniter.com\/preview\/convert\/?p=355"},"modified":"2019-06-19T09:35:29","modified_gmt":"2019-06-19T09:35:29","slug":"listado-provisional-de-instancias-para-la-asignacion-de-destinos-provisionales-de-profesores-de-secundaria-de-la-comunidad-de-madrid","status":"publish","type":"post","link":"https:\/\/oposicionesgeografiaehistoria.es\/preparador-madrid\/listado-provisional-de-instancias-para-la-asignacion-de-destinos-provisionales-de-profesores-de-secundaria-de-la-comunidad-de-madrid\/","title":{"rendered":"LISTADO PROVISIONAL DE INSTANCIAS PARA LA ASIGNACI\u00d3N DE DESTINOS PROVISIONALES DE PROFESORES DE SECUNDARIA DE LA COMUNIDAD DE MADRID"},"content":{"rendered":"<p>El 5 de Junio expir\u00f3 el plazo de presentaci\u00f3n de solicitudes para la asignaci\u00f3n de destinos provisionales del curso 2019\/2020 para los Cuerpos de Secundaria, FP, RE y E. Art\u00edsticas superiores.<\/p>\n<p>El 12 de Junio se ha publicado el listado provisional de instancias presentadas, en el siguiente enlace.<\/p>\n<p><a href=\"http:\/\/www.madrid.org\/cs\/Satellite?c=EDRH_Generico_FA&amp;cid=1354599270365&amp;pagename=PortalEducacionRRHH%2FEDRH_Generico_FA%2FEDRH_generico\" target=\"_blank\" rel=\"noopener noreferrer\">http:\/\/www.madrid.org\/cs\/Satellite?c=EDRH_Generico_FA&amp;cid=1354599270365&amp;pagename=PortalEducacionRRHH%2FEDRH_Generico_FA%2FEDRH_generico<\/a><\/p>\n<p>Es importante que tanto interinos como funcionarios de carrera sin destino, corrobor\u00e9is que est\u00e1is en la lista, en la cual hab\u00e9is puesto vuestro orden de preferencias. En caso de que no estar en la lista, deb\u00e9is reclamar mediante solicitud. Ten\u00e9is hasta el 19 de junio.<\/p>\n<p>Igualmente se informa que con la publicaci\u00f3n definitiva de la lista de \u201cfuncionarios que han presentado instancia\u201d se habilitar\u00e1 un sistema que proporcione un n\u00famero identificativo para aquellos interinos que no han cumplimentado la solicitud obligatoria de destinos para el curso 2019\/2020. Dicho n\u00famero es imprescindible para gestionar la baja temporal sin causa justificada y para participar en las convocatorias de necesidades de sustituciones a lo largo del curso 2019\/2020.<\/p>\n","protected":false},"excerpt":{"rendered":"<p>El 5 de Junio expir\u00f3 el plazo de presentaci\u00f3n de solicitudes para la asignaci\u00f3n de destinos provisionales del curso 2019\/2020 para los Cuerpos de Secundaria, FP, RE y E. Art\u00edsticas superiores. El 12 de Junio [&hellip;]<\/p>\n","protected":false},"author":2,"featured_media":1574,"comment_status":"open","ping_status":"open","sticky":false,"template":"","format":"standard","meta":{"_bbp_topic_count":0,"_bbp_reply_count":0,"_bbp_total_topic_count":0,"_bbp_total_reply_count":0,"_bbp_voice_count":0,"_bbp_anonymous_reply_count":0,"_bbp_topic_count_hidden":0,"_bbp_reply_count_hidden":0,"_bbp_forum_subforum_count":0,"footnotes":""},"categories":[1],"tags":[70,72,71,66],"class_list":["post-355","post","type-post","status-publish","format-standard","has-post-thumbnail","hentry","category-noticias","tag-comunidad-de-madrid","tag-interinos","tag-profesor","tag-secundaria"],"_links":{"self":[{"href":"https:\/\/oposicionesgeografiaehistoria.es\/preparador-madrid\/wp-json\/wp\/v2\/posts\/355","targetHints":{"allow":["GET"]}}],"collection":[{"href":"https:\/\/oposicionesgeografiaehistoria.es\/preparador-madrid\/wp-json\/wp\/v2\/posts"}],"about":[{"href":"https:\/\/oposicionesgeografiaehistoria.es\/preparador-madrid\/wp-json\/wp\/v2\/types\/post"}],"author":[{"embeddable":true,"href":"https:\/\/oposicionesgeografiaehistoria.es\/preparador-madrid\/wp-json\/wp\/v2\/users\/2"}],"replies":[{"embeddable":true,"href":"https:\/\/oposicionesgeografiaehistoria.es\/preparador-madrid\/wp-json\/wp\/v2\/comments?post=355"}],"version-history":[{"count":0,"href":"https:\/\/oposicionesgeografiaehistoria.es\/preparador-madrid\/wp-json\/wp\/v2\/posts\/355\/revisions"}],"wp:featuredmedia":[{"embeddable":true,"href":"https:\/\/oposicionesgeografiaehistoria.es\/preparador-madrid\/wp-json\/wp\/v2\/media\/1574"}],"wp:attachment":[{"href":"https:\/\/oposicionesgeografiaehistoria.es\/preparador-madrid\/wp-json\/wp\/v2\/media?parent=355"}],"wp:term":[{"taxonomy":"category","embeddable":true,"href":"https:\/\/oposicionesgeografiaehistoria.es\/preparador-madrid\/wp-json\/wp\/v2\/categories?post=355"},{"taxonomy":"post_tag","embeddable":true,"href":"https:\/\/oposicionesgeografiaehistoria.es\/preparador-madrid\/wp-json\/wp\/v2\/tags?post=355"}],"curies":[{"name":"wp","href":"https:\/\/api.w.org\/{rel}","templated":true}]}}